{"provider_url": "https://www.cearamirim.rn.leg.br", "title": "VEREADOR JO\u00c3O DOS \u00d4NIBUS", "html": "<p class=\"m_738241558560954016MsoNoSpacing\" style=\"text-align:justify; \">O vereador do Partido Humanista Jo\u00e3o dos \u00d4nibus solicitou em plen\u00e1rio na C\u00e2mara Municipal que o Poder Executivo realize corte de terra em diversas comunidades agr\u00edcolas, assim objetivar\u00e1 a pratica da agricultura nas Comunidades de J\u00e1coca, Primeira Lagoa, Ponta do Mato, e Assentamentos Esp\u00edrito Santo, Marighela, Barbar\u00e1, Gameleira, Padre C\u00edcero e S\u00e3o Sebasti\u00e3o I, visando o plantio nesse per\u00edodo que inicia a chuva, fortalecido tamb\u00e9m com o direito do Programa Agricultura Familiar.</p>\r\n<p class=\"m_738241558560954016MsoNoSpacing\" style=\"text-align:justify; \">Portanto, o vereador que sempre estar\u00e1 ao lado do povo cearamirinense, ir\u00e1 oferecer o seu mandato a todos os mun\u00edcipes que necessitam de apoio e amparo.</p>\r\n<p class=\"m_738241558560954016MsoNoSpacing\" style=\"text-align:justify; \">\u00a0</p>\r\n<p class=\"m_738241558560954016MsoNoSpacing\" style=\"text-align:justify; \">Iran J\u00fanior</p>\r\n<p class=\"m_738241558560954016MsoNoSpacing\" style=\"text-align:justify; \">Assessoria de Comunica\u00e7\u00e3o Social</p>\r\n<p class=\"m_738241558560954016MsoNoSpacing\" style=\"text-align:justify; \">C\u00e2mara Municipal de Cear\u00e1-Mirim</p>", "author_name": "cmm", "version": "1.0", "author_url": "https://www.cearamirim.rn.leg.br/author/cmm", "provider_name": "C\u00e2mara Municipal", "type": "rich"}