{"provider_url": "https://www.cearamirim.rn.leg.br", "title": "TROF\u00c9U DESTAQUE UVB", "html": "<p style=\"text-align: justify; \">Durante a 25\u00aa Marcha dos Gestores e Legislativos Municipais, realizada em Bras\u00edlia, as vereadoras Professora Erineide e Z\u00e9lia Santos foram agraciadas com o Trof\u00e9u Destaque Nacional, premia\u00e7\u00e3o promovida pela Uni\u00e3o dos Vereadores do Brasil (UVB), que reconhece iniciativas de relev\u00e2ncia para o fortalecimento do Poder Legislativo Municipal em todo o pa\u00eds.</p>\r\n<p style=\"text-align: justify; \">A vereadora Professora Erineide foi homenageada pelo projeto de lei \u201cMulher: voz, for\u00e7a e direitos\u201d, que estabelece diretrizes para a valoriza\u00e7\u00e3o, prote\u00e7\u00e3o e promo\u00e7\u00e3o dos direitos das mulheres. A proposta tem como finalidade ampliar e fortalecer a participa\u00e7\u00e3o feminina nos diversos espa\u00e7os da vida social, pol\u00edtica, econ\u00f4mica e cultural, assegurando igualdade de direitos, oportunidades e condi\u00e7\u00f5es. O projeto tamb\u00e9m contempla a\u00e7\u00f5es voltadas ao enfrentamento de todas as formas de viol\u00eancia, preconceito e discrimina\u00e7\u00e3o de g\u00eanero, contribuindo para a constru\u00e7\u00e3o de uma sociedade mais equitativa.</p>\r\n<p style=\"text-align: justify; \">A vereadora Z\u00e9lia Santos, por sua vez, recebeu o reconhecimento pelo Projeto de Lei \u201cMenina Protegida\u201d, voltado \u00e0 preven\u00e7\u00e3o da viol\u00eancia contra crian\u00e7as e adolescentes do sexo feminino. A iniciativa prev\u00ea a implementa\u00e7\u00e3o de a\u00e7\u00f5es educativas na rede p\u00fablica municipal de ensino, por meio de palestras, rodas de conversa, oficinas e campanhas de conscientiza\u00e7\u00e3o, al\u00e9m da capacita\u00e7\u00e3o de profissionais da educa\u00e7\u00e3o para identifica\u00e7\u00e3o de situa\u00e7\u00f5es de vulnerabilidade e encaminhamento adequado aos \u00f3rg\u00e3os competentes.<br />O projeto tamb\u00e9m prop\u00f5e a articula\u00e7\u00e3o intersetorial entre \u00e1reas como educa\u00e7\u00e3o, sa\u00fade e assist\u00eancia social, fortalecendo a rede municipal de prote\u00e7\u00e3o \u00e0 inf\u00e2ncia e \u00e0 adolesc\u00eancia. Com isso, busca-se promover ambientes escolares mais seguros e acolhedores, tendo a informa\u00e7\u00e3o, a preven\u00e7\u00e3o e o cuidado como pilares fundamentais no enfrentamento \u00e0 viol\u00eancia.</p>\r\n<p style=\"text-align: justify; \">O Trof\u00e9u Destaque Nacional UVB tem como objetivo valorizar a\u00e7\u00f5es legislativas que promovam a integra\u00e7\u00e3o entre o parlamento e a sociedade, incentivem a melhoria da qualidade de vida da popula\u00e7\u00e3o e contribuam para o desenvolvimento dos munic\u00edpios. A premia\u00e7\u00e3o refor\u00e7a a relev\u00e2ncia das iniciativas desenvolvidas pelas parlamentares cear\u00e1-mirinenses, evidenciando o compromisso com a promo\u00e7\u00e3o de pol\u00edticas p\u00fablicas voltadas \u00e0 cidadania, \u00e0 prote\u00e7\u00e3o social e \u00e0 garantia de direitos.</p>", "author_name": "", "version": "1.0", "author_url": "https://www.cearamirim.rn.leg.br/author/adm", "provider_name": "C\u00e2mara Municipal", "type": "rich"}