{"provider_url": "https://www.cearamirim.rn.leg.br", "title": "Sa\u00fade", "html": "<p style=\"text-align: justify; \">Na manh\u00e3 desta ter\u00e7a-feira (07), as vereadoras Jum\u00e1ria Mota (PTN) e \u00c2ngela Aquino (PTC), que integram a Comiss\u00e3o de Sa\u00fade, Educa\u00e7\u00e3o e Assist\u00eancia Social da C\u00e2mara Municipal de Cear\u00e1-Mirim, estiveram no Hospital Dr. Perc\u00edlio Alves.</p>\r\n<p style=\"text-align: justify; \">A visita que tamb\u00e9m contou com as participa\u00e7\u00f5es dos vereadores Carl\u00e3o Ramalho (PSD) e Jo\u00e3o dos \u00d4nibus (PHS), cumpriu o objetivo de fiscalizar o funcionamento da unidade hospitalar, no que se refere ao atendimento de urg\u00eancia e emerg\u00eancia disponibilizado a popula\u00e7\u00e3o Cear\u00e1-Mirinense.</p>\r\n<p style=\"text-align: justify; \">Na ocasi\u00e3o foi constatado que alguns equipamentos hospitalares adquiridos pela gest\u00e3o passada, como por exemplo, um respirador mec\u00e2nico, est\u00e3o encostados, quando deveriam estar funcionando conforme a necessidade dos pacientes.</p>\r\n<p style=\"text-align: justify; \">Ainda durante a visita, a comiss\u00e3o ouviu dos servidores, um novo apelo no tocante a constru\u00e7\u00e3o do plano, de cargos, carreiras e sal\u00e1rios dos servidores municipais da sa\u00fade.</p>\r\n<p style=\"text-align: justify; \">De acordo com a presidente da comiss\u00e3o, a vereadora Jum\u00e1ria Mota, a C\u00e2mara \u00e9 totalmente favor\u00e1vel \u00e0 aprova\u00e7\u00e3o do plano \u00a0que trata dos direitos da categoria, por reconhecer que muitos servidores da sa\u00fade, principalmente do hospital, dedicaram anos de suas vidas ao servi\u00e7o p\u00fablico, e agora est\u00e3o sendo prejudicados.</p>\r\n<p style=\"text-align: justify; \">A parlamentar afirma que retirar gratifica\u00e7\u00e3o (redu\u00e7\u00e3o salarial) e desviar fun\u00e7\u00e3o, sem aviso pr\u00e9vio, \u00e9 um retrocesso que penaliza o servidor. \u00a0\"A categoria sabe que conta com o irrestrito apoio dos parlamentares quanto a essa quest\u00e3o\", conclui.\u00a0</p>\r\n<p style=\"text-align: justify; \">\u00a0</p>\r\n<p style=\"text-align: justify; \"><b>Texto: Jhancy Richelm\u00a0</b></p>\r\n<p style=\"text-align: justify; \"><b>Assecom CM/CM (99159-1430)</b></p>\r\n<p>\u00a0</p>", "author_name": "cmm", "version": "1.0", "author_url": "https://www.cearamirim.rn.leg.br/author/cmm", "provider_name": "C\u00e2mara Municipal", "type": "rich"}