{"provider_url": "https://www.cearamirim.rn.leg.br", "title": "PONTO FACULTATIVO", "html": "<p style=\"text-align: justify; \">A C\u00e2mara Municipal de Cear\u00e1-Mirim informa que, por meio do Ato da Mesa Diretora n\u00ba 05/2025, publicado na edi\u00e7\u00e3o n\u00ba 2285 do Di\u00e1rio Oficial da FECAM, foi declarado ponto facultativo nesta sexta-feira, 21 de novembro de 2025.</p>\r\n<p style=\"text-align: justify; \">A decis\u00e3o considera o feriado nacional do Dia da Consci\u00eancia Negra, celebrado em 20 de novembro, e visa organizar o funcionamento administrativo do Legislativo Municipal, mantendo alinhamento com as pr\u00e1ticas adotadas no munic\u00edpio e em outras institui\u00e7\u00f5es p\u00fablicas.</p>\r\n<p style=\"text-align: justify; \">As atividades administrativas e legislativas retornam na segunda-feira, 24 de novembro de 2025.</p>", "author_name": "", "version": "1.0", "author_url": "https://www.cearamirim.rn.leg.br/author/adm", "provider_name": "C\u00e2mara Municipal", "type": "rich"}