{"provider_url": "https://www.cearamirim.rn.leg.br", "title": "PODER LEGISLATIVO", "html": "<p style=\"text-align: justify; \">O ano de 2017 foi marcante para a C\u00e2mara Municipal de Cear\u00e1-Mirim.</p>\r\n<p style=\"text-align: justify; \">Numa quantidade recorde de aprecia\u00e7\u00f5es, diversos projetos de autoria dos Poderes Legislativo e Executivo foram discutidos, analisados e aprovados em reuni\u00f5es ordin\u00e1rias e extraordin\u00e1rias, contribuindo com o desenvolvimento estruturante e administrativo do munic\u00edpio.</p>\r\n<p style=\"text-align: justify; \">E 2018 n\u00e3o est\u00e1 sendo diferente, \u00e9 mais um ano de grande movimenta\u00e7\u00e3o e muito trabalho na Casa de Leis.</p>\r\n<p style=\"text-align: justify; \">Nesta quarta-feira 30/05, a partir das 9h, os vereadores se re\u00fanem em regime de urg\u00eancia ap\u00f3s convoca\u00e7\u00e3o de car\u00e1ter extraordin\u00e1ria, pelo presidente da Casa, vereador Ronaldo Ven\u00e2ncio-PV, em conson\u00e2ncia com a Lei Org\u00e2nica do Munic\u00edpio e o Regimento Interno da C\u00e2mara.</p>\r\n<p style=\"text-align: justify; \">O objetivo da convoca\u00e7\u00e3o \u00e9 apreciar e votar, em tr\u00eas sess\u00f5es extraordin\u00e1rias, Projeto de Lei n\u00ba 20/2018 de autoria do Poder Executivo Municipal que disp\u00f5e sobre a incorpora\u00e7\u00e3o no or\u00e7amento vigente, de cr\u00e9dito adicional especial referente ao programa \u201cSegundo Tempo\u201d mediante termo de conv\u00eanio firmado com o Governo Federal por meio do Minist\u00e9rio do Esporte.</p>\r\n<p style=\"text-align: justify; \">Vale salientar, que de acordo com a Lei Org\u00e2nica do Munic\u00edpio e o Regimento Interno do Parlamento, as sess\u00f5es extraordin\u00e1rias podem ser convocadas em caso de urg\u00eancia ou de interesse p\u00fablico relevante.</p>\r\n<p style=\"text-align: justify; \">\u00a0</p>\r\n<p style=\"text-align: justify; \"><b>Jorge Moreira</b></p>\r\n<p style=\"text-align: justify; \"><b>C\u00e2mara Municipal de Cear\u00e1-Mirim</b></p>\r\n<p style=\"text-align: justify; \"><b>Assessoria de Comunica\u00e7\u00e3o Social</b></p>\r\n<p style=\"text-align: justify; \"><b>(84) 99139-7320 / 3274-3332 / 3274-4015 / 3274-4154</b></p>\r\n<p style=\"text-align: justify; \"><a class=\"m_-6231195755036091829OWAAutoLink\" href=\"mailto:Jorgemoreira2008@hotmail.com\" target=\"_blank\"><b>Jorgemoreira2008@hotmail.com</b></a><b></b></p>\r\n<p style=\"text-align: justify; \"><a data-saferedirecturl=\"https://www.google.com/url?hl=pt-BR&amp;q=http://www.cearamirim.rn.leg.br/&amp;source=gmail&amp;ust=1527704659052000&amp;usg=AFQjCNGox5XsfaqxM9CpTqtwbvxj9tCbwg\" href=\"https://www.cearamirim.rn.leg.br/\" class=\"m_-6231195755036091829OWAAutoLink\" target=\"_blank\"><b>www.cearamirim.rn.leg.br</b></a></p>", "author_name": "cmm", "version": "1.0", "author_url": "https://www.cearamirim.rn.leg.br/author/cmm", "provider_name": "C\u00e2mara Municipal", "type": "rich"}