{"provider_url": "https://www.cearamirim.rn.leg.br", "title": "PODER LEGISLATIVO", "html": "<p style=\"text-align: justify; \"><span>Reduzir o \u00edndice de inadimpl\u00eancia, garantir o fornecimento universal e ampliar a arrecada\u00e7\u00e3o da autarquia municipal.</span></p>\r\n<p style=\"text-align: justify; \"><span>Com esses objetivos, o vereador Manoel Vieira dos Santos \u2013 Nequinho, apresentou na tarde desta ter\u00e7a-feira 12/02, durante sess\u00e3o ordin\u00e1ria da C\u00e2mara Municipal, Indica\u00e7\u00e3o n\u00ba 034/2019 solicitando \u00e0 Prefeitura de Cear\u00e1-Mirim, por meio do Servi\u00e7o Aut\u00f4nomo de \u00c1gua e Esgotos-SAAE, a implanta\u00e7\u00e3o do programa Tarifa Social de \u00c1gua e Esgotos, previsto pelo Minist\u00e9rio do Desenvolvimento Social-MDS, para as fam\u00edlias consideradas de baixa renda, no munic\u00edpio de Cear\u00e1-Mirim.</span></p>\r\n<p style=\"text-align: justify; \"><span>Para tanto, o edil solicita ao Executivo, que elabore e encaminhe \u00e0 Casa Legislativa um Projeto de Lei criando a Tarifa Social de \u00c1gua para atender a popula\u00e7\u00e3o de baixa renda do munic\u00edpio.</span></p>\r\n<p style=\"text-align: justify; \"><span>De acordo com Nequinho, o programa tamb\u00e9m ir\u00e1 atender os bairros que t\u00eam seu abastecimento de \u00e1gua atrav\u00e9s de po\u00e7os tubulares, que \u00e9 de p\u00e9ssima qualidade para o consumo humano.</span></p>\r\n<p style=\"text-align: justify; \"><span>O parlamentar ressalta o car\u00e1ter social da medida, uma vez que ser\u00e1 voltada para fam\u00edlias de baixa renda.</span></p>\r\n<p style=\"text-align: justify; \"><b><span>\u201cO poder p\u00fablico tem a obriga\u00e7\u00e3o de facilitar o acesso da popula\u00e7\u00e3o a bens fundamentais a uma exist\u00eancia digna. E a \u00e1gua pot\u00e1vel se destaca porque \u00e9 crucial se quisermos diminuir os riscos de doen\u00e7as na popula\u00e7\u00e3o\u201d</span></b><span>, justifica o vereador Nequinho.</span></p>\r\n<p style=\"text-align: justify; \"><b><span>OUTRA MAT\u00c9RIA APROVADA DO PARLAMENTAR</span></b></p>\r\n<p style=\"text-align: justify; \"><span>REQUERIMENTO N\u00ba 004/2019: Solicitando informa\u00e7\u00f5es da Prefeitura de Cear\u00e1-Mirim sobre quais os logradouros no Novo Horizonte s\u00e3o abastecidos por \u00e1gua de po\u00e7os tubulares e os que s\u00e3o abastecidos pela adutora de Extremoz.</span></p>\r\n<p style=\"text-align: justify; \">\u00a0</p>\r\n<p style=\"text-align: justify; \"><b><span>Jorge Moreira</span></b></p>\r\n<p style=\"text-align: justify; \"><b><span>C\u00e2mara Municipal de Cear\u00e1-Mirim</span></b></p>\r\n<p style=\"text-align: justify; \"><b><span>Assessoria de Comunica\u00e7\u00e3o Social</span></b></p>\r\n<p style=\"text-align: justify; \"><b><span>(84) 99139-7320 / 3274-3332 / 3274-4015 / 3274-4154</span></b></p>\r\n<p style=\"text-align: justify; \"><a href=\"mailto:Jorgemoreira2008@hotmail.com\" target=\"_blank\"><b><span>Jorgemoreira2008@hotmail.com</span></b></a><b><span></span></b></p>\r\n<p style=\"text-align: justify; \"><a data-saferedirecturl=\"https://www.google.com/url?q=http://www.cearamirim.rn.leg.br&amp;source=gmail&amp;ust=1550340041840000&amp;usg=AFQjCNFVMGQOO7JPXr7Qq5iiAkQO0ZwxIg\" href=\"https://www.cearamirim.rn.leg.br/\" target=\"_blank\"><b><span>www.cearamirim.rn.leg.br</span></b></a><b><span></span></b></p>\r\n<p style=\"text-align: justify; \"><b><i><span>Deus far\u00e1 sempre o melhor por voc\u00ea!</span></i></b></p>", "author_name": "cmm", "version": "1.0", "author_url": "https://www.cearamirim.rn.leg.br/author/cmm", "provider_name": "C\u00e2mara Municipal", "type": "rich"}