{"provider_url": "https://www.cearamirim.rn.leg.br", "title": "PATRIOTISMO", "html": "<p style=\"text-align: justify; \">A C\u00e2mara Municipal de Cear\u00e1-Mirim, por interm\u00e9dio de seu presidente, vereador Ronaldo Ven\u00e2ncio-PV e todos os demais parlamentares, homenageiam os profissionais das For\u00e7as Armadas Brasileiras pelo transcurso do Dia do Soldado, comemorado anualmente no dia 25 de agosto.</p>\r\n<p style=\"text-align: justify; \">A data marca o dia em que nasceu Luiz Alves de Lima e Silva, o Duque de Caxias, patrono do Ex\u00e9rcito brasileiro.</p>\r\n<p style=\"text-align: justify; \">Ronaldo Ven\u00e2ncio disse, que como cidad\u00e3o, parlamentar e presidente do Poder Legislativo Municipal, tem o dever de prestar homenagem \u00e0s For\u00e7as Armadas e aos soldados, nesta data.</p>\r\n<p style=\"text-align: justify; \"><b>\u201cNeste 25 de agosto, parabenizo esses homens que fazem da sua profiss\u00e3o, a prote\u00e7\u00e3o \u00e0s nossas fam\u00edlias e a prote\u00e7\u00e3o das nossas vidas\u201d</b>, disse Ronaldo, representando toda a edilidade do munic\u00edpio.</p>\r\n<p style=\"text-align: justify; \">Ronaldo tamb\u00e9m destaca o exemplo, o valor e o legado das For\u00e7as Armadas e afirma que a carreira militar se coloca \u00e0 servi\u00e7o da P\u00e1tria e das pr\u00f3prias for\u00e7as.</p>\r\n<p style=\"text-align: justify; \"><b>\u201cS\u00e3o os homens que vestem a farda, se colocam a disposi\u00e7\u00e3o do pa\u00eds para desempenhar as mais diferentes tarefas em situa\u00e7\u00f5es de enchentes, calamidades e acesso \u00e0 \u00e1reas de risco, sempre em benef\u00edcio do povo e pela manuten\u00e7\u00e3o da ordem\u201d</b>, frisou.</p>\r\n<p style=\"text-align: justify; \">O parlamentar tamb\u00e9m observa que os homens das For\u00e7as Armadas, especialmente os soldados, ocupam posi\u00e7\u00e3o de refer\u00eancia e confian\u00e7a para todos os cidad\u00e3os brasileiros, onde se fazem presentes em raz\u00e3o da falta de seguran\u00e7a p\u00fablica e da crise moral, pol\u00edtica e econ\u00f4mica vivida pelo pa\u00eds.</p>\r\n<p style=\"text-align: justify; \"><b>\u201cN\u00e3o \u00e9 f\u00e1cil ser soldado. Para todos n\u00f3s que compomos este Poder Legislativo, esse desafio \u00e9 como nos ensina o nosso hino nacional: <i>Um filho teu n\u00e3o foge \u00e0 luta</i>\u201d</b>, finalizou o presidente Ronaldo, em nome de todos os que fazem a C\u00e2mara Municipal de Cear\u00e1-Mirim, parabenizando todos que fazem as For\u00e7as Armadas brasileiras pela comemora\u00e7\u00e3o do Dia do Soldado, neste 25 de agosto.</p>\r\n<p style=\"text-align: justify; \">\u00a0</p>\r\n<p style=\"text-align: justify; \"><b>Jorge Moreira</b></p>\r\n<p style=\"text-align: justify; \"><b>C\u00e2mara Municipal de Cear\u00e1-Mirim</b></p>\r\n<p style=\"text-align: justify; \"><b>Assessoria de Comunica\u00e7\u00e3o Social</b></p>\r\n<p style=\"text-align: justify; \"><b>(84) 99139-7320 / 3274-3332 / 3274-4015 / 3274-4154</b></p>\r\n<p style=\"text-align: justify; \"><b><a class=\"m_-5729304663377088751OWAAutoLink\" href=\"mailto:Jorgemoreira2008@hotmail.com\" target=\"_blank\">Jorgemoreira2008@hotmail.com</a></b><b></b></p>\r\n<p style=\"text-align: justify; \"><b><a data-saferedirecturl=\"https://www.google.com/url?hl=pt-BR&amp;q=http://www.cearamirim.rn.leg.br/&amp;source=gmail&amp;ust=1535716812503000&amp;usg=AFQjCNFmCY_zBMQCZl8pg9RoMwbCA8UbGw\" href=\"https://www.cearamirim.rn.leg.br/\" class=\"m_-5729304663377088751OWAAutoLink\" target=\"_blank\">www.cearamirim.rn.leg.br</a></b></p>", "author_name": "cmm", "version": "1.0", "author_url": "https://www.cearamirim.rn.leg.br/author/cmm", "provider_name": "C\u00e2mara Municipal", "type": "rich"}