{"provider_url": "https://www.cearamirim.rn.leg.br", "title": "J\u00c1CIO PRAXEDES", "html": "<p style=\"text-align: justify; \">Com um discurso focado e contundente o vereador J\u00e1cio Praxedes (DEM), fez uso da tribuna, na sess\u00e3o desta quarta-feira (22), para cobrar mais seguran\u00e7a p\u00fablica ao Governo do Rio Grande do Norte.</p>\r\n<p style=\"text-align: justify; \">Ele lembrou que Cear\u00e1-Mirim, est\u00e1 localizada na Grande Natal, faz parte da Regi\u00e3o Metropolitana do Estado, mas n\u00e3o recebe o tratamento devido. \"A sociedade sofre as duras penas as consequ\u00eancias da inseguran\u00e7a, n\u00e3o podemos mais conviver com essa situa\u00e7\u00e3o\", destaca.</p>\r\n<p style=\"text-align: justify; \">O vereador externou indigna\u00e7\u00e3o, ao citar o alto \u00edndice de homic\u00eddios ocorridos no munic\u00edpio, nos \u00faltimos dias.\u00a0 Na sua fala, J\u00e1cio solicitou ao governo, aumento do efetivo policial, bem como, mais condi\u00e7\u00e3o de trabalho para as pol\u00edcias militar e civil, e ainda aproveitou para cobrar mais aten\u00e7\u00e3o dos deputados estaduais, que obtiveram vota\u00e7\u00e3o significativa em Cear\u00e1-Mirim.</p>\r\n<p style=\"text-align: justify; \">\"\u00c9 dever Governo do Estado, garantir seguran\u00e7a ao cidad\u00e3o, a popula\u00e7\u00e3o de Cear\u00e1-Mirim anceia por medidas urgentes e determinantes que garantam esse direito\", conclui\u00a0</p>\r\n<div style=\"text-align: justify; \"><b><br /></b></div>\r\n<div style=\"text-align: justify; \"><b>Texto: Jhancy\u00a0</b><b>Richelm\u00a0</b><b>(99159-1430)</b></div>\r\n<div dir=\"ltr\">\r\n<div class=\"m_7669841735487991874gmail-m_4916950890147944128gmail-m_-2282811318470844626gmail-m_-6129694269984403670gmail-ii m_7669841735487991874gmail-m_4916950890147944128gmail-m_-2282811318470844626gmail-m_-6129694269984403670gmail-gt m_7669841735487991874gmail-m_4916950890147944128gmail-m_-2282811318470844626gmail-m_-6129694269984403670gmail-adP m_7669841735487991874gmail-m_4916950890147944128gmail-m_-2282811318470844626gmail-m_-6129694269984403670gmail-adO\">\r\n<div class=\"m_7669841735487991874gmail-m_4916950890147944128gmail-m_-2282811318470844626gmail-m_-6129694269984403670gmail-a3s m_7669841735487991874gmail-m_4916950890147944128gmail-m_-2282811318470844626gmail-m_-6129694269984403670gmail-aXjCH m_7669841735487991874gmail-m_4916950890147944128gmail-m_-2282811318470844626gmail-m_-6129694269984403670gmail-m15a2abe9033cf75a\">\r\n<div dir=\"ltr\">\r\n<div class=\"m_7669841735487991874gmail-m_4916950890147944128gmail-m_-2282811318470844626gmail-m_-6129694269984403670gmail-m_9176009551906412289gmail-\">\r\n<div class=\"m_7669841735487991874gmail-m_4916950890147944128gmail-m_-2282811318470844626gmail-m_-6129694269984403670gmail-m_9176009551906412289gmail-_1mf m_7669841735487991874gmail-m_4916950890147944128gmail-m_-2282811318470844626gmail-m_-6129694269984403670gmail-m_9176009551906412289gmail-_1mj\">\r\n<p style=\"text-align: justify; \"><b>Assessoria CM/CM</b></p>\r\n</div>\r\n</div>\r\n</div>\r\n</div>\r\n</div>\r\n</div>", "author_name": "cmm", "version": "1.0", "author_url": "https://www.cearamirim.rn.leg.br/author/cmm", "provider_name": "C\u00e2mara Municipal", "type": "rich"}