{"provider_url": "https://www.cearamirim.rn.leg.br", "title": "INAUGURA\u00c7\u00c3O DE UBS", "html": "<p style=\"text-align: justify; \">Na manh\u00e3 desta quinta-feira, 12, vereadores da C\u00e2mara Municipal de Cear\u00e1-Mirim participaram da solenidade de inaugura\u00e7\u00e3o da Unidade B\u00e1sica de Sa\u00fade (UBS) da comunidade de Manibu, importante equipamento p\u00fablico que passa a fortalecer a rede de aten\u00e7\u00e3o prim\u00e1ria \u00e0 sa\u00fade no munic\u00edpio.</p>\r\n<p style=\"text-align: justify; \">Estiveram presentes na ocasi\u00e3o o presidente da C\u00e2mara, vereador Marcone Barbosa, al\u00e9m dos vereadores Marcos Farias, Bruno C\u00e9sar, Carlos Filho, Diomedes Neto, Vanzinho da Sa\u00fade, Gerson do MST e a vereadora Z\u00e9lia Santos. A cerim\u00f4nia contou ainda com a presen\u00e7a do prefeito Ant\u00f4nio Henrique, da vice-prefeita Professora Margareth, secret\u00e1rios municipais e moradores da comunidade, que acompanharam a entrega do novo espa\u00e7o destinado ao atendimento da popula\u00e7\u00e3o.</p>\r\n<p style=\"text-align: justify; \">A nova UBS amplia a oferta de servi\u00e7os de sa\u00fade na regi\u00e3o, garantindo aos moradores da comunidade de Manibu e de localidades pr\u00f3ximas, acesso a atendimentos m\u00e9dicos, servi\u00e7os de enfermagem, vacina\u00e7\u00e3o, acompanhamento de pacientes, al\u00e9m de a\u00e7\u00f5es de preven\u00e7\u00e3o e promo\u00e7\u00e3o da sa\u00fade.</p>\r\n<p style=\"text-align: justify; \">Com uma estrutura adequada e preparada para atender \u00e0s demandas da popula\u00e7\u00e3o, a unidade passa a contribuir para o fortalecimento da aten\u00e7\u00e3o b\u00e1sica no munic\u00edpio, aproximando os servi\u00e7os de sa\u00fade da comunidade e proporcionando mais qualidade e acessibilidade no atendimento aos cidad\u00e3os</p>", "author_name": "", "version": "1.0", "author_url": "https://www.cearamirim.rn.leg.br/author/adm", "provider_name": "C\u00e2mara Municipal", "type": "rich"}