{"provider_url": "https://www.cearamirim.rn.leg.br", "title": "HOMENAGEM AOS RADIALISTAS", "html": "<p style=\"text-align: justify; \"><span>Nesta quarta-feira 7 de novembro, celebra-se o Dia do Radialista, data estipulada em homenagem ao grande Ary Barroso: locutor, compositor e o primeiro brasileiro a ser indicado ao Oscar \u2013 pr\u00eamio m\u00e1ximo do cinema mundial.</span></p>\r\n<p style=\"text-align: justify; \"><span>Nesta ocasi\u00e3o, a C\u00e2mara Municipal de Cear\u00e1-Mirim, por meio de seu presidente constitucional, vereador Ronaldo Ven\u00e2ncio-PV parabeniza esses profissionais.</span></p>\r\n<p style=\"text-align: justify; \"><span>Segundo Ronaldo, os comunicadores do r\u00e1dio s\u00e3o uns dos mais importantes agentes na transmiss\u00e3o das informa\u00e7\u00f5es ao p\u00fablico, que delas necessita para que possa inteirar-se e posicionar-se diante dos acontecimentos relevantes em n\u00edveis local, regional e nacional.</span></p>\r\n<p style=\"text-align: justify; \"><b><span>\u201cQuero nesta data, em companhia dos demais colegas parlamentares que comp\u00f5em esta Casa Legislativa, parabenizar todos os comunicadores e profissionais das esta\u00e7\u00f5es de r\u00e1dio de nossa cidade e regi\u00e3o, n\u00e3o apenas pela data comemorativa, mas pelo relevante trabalho que prestam em prol da sociedade\u201d</span></b><span>, destaca o presidente Ronaldo Ven\u00e2ncio.</span></p>\r\n<p style=\"text-align: justify; \"><span>Para ele, o r\u00e1dio sempre foi um foco de resist\u00eancia \u00e0s investidas de regimes desp\u00f3ticos e totalit\u00e1rios, e tamb\u00e9m ao recuo da liberdade de express\u00e3o.</span></p>\r\n<p style=\"text-align: justify; \"><span>Antes do advento da rede mundial de computadores e da populariza\u00e7\u00e3o da televis\u00e3o nos lares brasileiros, o r\u00e1dio foi um elemento de interc\u00e2mbio que difundia a pluralidade cultural de nosso vasto pa\u00eds, proporcionando um senso de unidade de coletivo que refletia a identidade de nosso povo.</span></p>\r\n<p style=\"text-align: justify; \">\u00a0</p>\r\n<p style=\"text-align: justify; \"><b><span>Jorge Moreira</span></b></p>\r\n<p style=\"text-align: justify; \"><b><span>C\u00e2mara Municipal de Cear\u00e1-Mirim</span></b></p>\r\n<p style=\"text-align: justify; \"><b><span>Assessoria de Comunica\u00e7\u00e3o Social</span></b></p>\r\n<p style=\"text-align: justify; \"><b><span>(84) 99139-7320 / 3274-3332 / 3274-4015 / 3274-4154</span></b></p>\r\n<p style=\"text-align: justify; \"><span><b><span><a href=\"mailto:Jorgemoreira2008@hotmail.com\" target=\"_blank\"><span>Jorgemoreira2008@hotmail.com</span></a></span></b></span><b><span></span></b></p>\r\n<p style=\"text-align: justify; \"><span><b><span><a data-saferedirecturl=\"https://www.google.com/url?q=http://www.cearamirim.rn.leg.br&amp;source=gmail&amp;ust=1541869530889000&amp;usg=AFQjCNGa_fMkOFp7VOlr8sB3SFZKjTH5Qw\" href=\"https://www.cearamirim.rn.leg.br/\" target=\"_blank\"><span>www.cearamirim.rn.leg.br</span></a></span></b></span><b><span></span></b></p>\r\n<p style=\"text-align: justify; \"><b><i><span>Deus n\u00e3o se atrasa, a gente \u00e9 que n\u00e3o sabe esperar!</span></i></b></p>", "author_name": "cmm", "version": "1.0", "author_url": "https://www.cearamirim.rn.leg.br/author/cmm", "provider_name": "C\u00e2mara Municipal", "type": "rich"}