{"provider_url": "https://www.cearamirim.rn.leg.br", "title": "EDUCAR PRF", "html": "<p style=\"text-align: justify; \">Na manh\u00e3 desta segunda-feira, 16 de mar\u00e7o, o vereador Presidente da C\u00e2mara Municipal de Cear\u00e1-Mirim participou da cerim\u00f4nia de abertura do projeto \u201cEducar PRF\u201d, realizada no Centro de Artes e Esportes Unificados (CEU das Artes).</p>\r\n<p style=\"text-align: justify; \">O momento marcou o in\u00edcio de mais uma importante iniciativa voltada \u00e0 forma\u00e7\u00e3o cidad\u00e3 e \u00e0 conscientiza\u00e7\u00e3o de crian\u00e7as e jovens.</p>\r\n<p style=\"text-align: justify; \">O projeto \u00e9 fruto de uma parceria entre o Poder Executivo Municipal, por meio da Secretaria Municipal de Educa\u00e7\u00e3o, e a Pol\u00edcia Rodovi\u00e1ria Federal (PRF).</p>\r\n<p style=\"text-align: justify; \">A iniciativa tem como objetivo promover a\u00e7\u00f5es educativas voltadas \u00e0 seguran\u00e7a no tr\u00e2nsito, cidadania e responsabilidade social, aproximando estudantes de temas essenciais para a conviv\u00eancia em sociedade.</p>\r\n<p style=\"text-align: justify; \">O Presidente Marcone Barbosa acompanhou o lan\u00e7amento do projeto representando o Poder Legislativo, destacou a import\u00e2ncia de iniciativas como essa, que fortalecem a educa\u00e7\u00e3o e contribuem para a forma\u00e7\u00e3o de cidad\u00e3os mais conscientes.</p>\r\n<p style=\"text-align: justify; \">A realiza\u00e7\u00e3o do projeto demonstra a import\u00e2ncia da uni\u00e3o entre institui\u00e7\u00f5es p\u00fablicas em torno de a\u00e7\u00f5es que valorizam a educa\u00e7\u00e3o e ampliam o acesso ao conhecimento. Com atividades voltadas ao p\u00fablico estudantil, o \u201cEducar PRF\u201d busca despertar, desde cedo, a consci\u00eancia sobre seguran\u00e7a, respeito e responsabilidade no tr\u00e2nsito e na vida em sociedade.</p>", "author_name": "", "version": "1.0", "author_url": "https://www.cearamirim.rn.leg.br/author/adm", "provider_name": "C\u00e2mara Municipal", "type": "rich"}