{"provider_url": "https://www.cearamirim.rn.leg.br", "title": "CIDADANIA E DEMOCRACIA", "html": "<p style=\"text-align: justify; \">Os alunos do programa \u201cParlamento Jovem\u201d da C\u00e2mara Municipal de Cear\u00e1-Mirim, realizaram na tarde da \u00faltima sexta-feira 28/09, o primeiro encontro preparat\u00f3rio \u2013 de uma s\u00e9rie de dois \u2013 antes da diploma\u00e7\u00e3o e posse que devem ser realizadas em Sess\u00e3o Solene a ser definida pelo Poder Legislativo, no expediente regular de trabalho da Casa.</p>\r\n<p style=\"text-align: justify; \">Assim como estava previsto, os alunos do Ensino M\u00e9dio do Centro Estadual de Educa\u00e7\u00e3o Profissional Ruy Antunes Pereira-CEEP, se reuniram no Plen\u00e1rio da C\u00e2mara Municipal.</p>\r\n<p style=\"text-align: justify; \">Inicialmente eles foram acolhidos e receberam boas vindas do presidente da Casa, vereador Ronaldo Ven\u00e2ncio, oportunidade em que interagiram com o parlamentar.</p>\r\n<p style=\"text-align: justify; \"><b>\u201cTodos n\u00f3s vereadores estamos \u00e0 disposi\u00e7\u00e3o desse projeto dando total e irrestrito apoio. O resultado dessa conviv\u00eancia, n\u00e3o tenham d\u00favida, vai servir de par\u00e2metro para outros Poderes Legislativos da regi\u00e3o e do Estado. Portanto, sejam todos bem vindos, at\u00e9 porque essa Casa \u00e9 de voc\u00eas\u201d</b>, disse o presidente da C\u00e2mara, Ronaldo Ven\u00e2ncio.</p>\r\n<p style=\"text-align: justify; \">Em seguida, os jovens vereadores eleitos assistiram a um v\u00eddeo institucional, quando os servidores da Casa, ex-vereador \u00c9lcio Clemente e Edvaldo Morais, puderam esclarecer as mais diversas d\u00favidas aos jovens parlamentares.</p>\r\n<p style=\"text-align: justify; \">Depois, os 15 alunos fizeram um tour pela C\u00e2mara, conhecendo os gabinetes do presidente, de vereadores e os demais departamentos administrativos.</p>\r\n<p style=\"text-align: justify; \">Ap\u00f3s o segundo encontro preparat\u00f3rio, em data a ser definida, os alunos v\u00e3o se organizar para assistirem \u00e0 duas sess\u00f5es plen\u00e1rias da C\u00e2mara Municipal, momento que antecede a diploma\u00e7\u00e3o e posse dos jovens vereadores.</p>\r\n<p style=\"text-align: justify; \">\u00a0</p>\r\n<p style=\"text-align: justify; \"><b>Jorge Moreira</b></p>\r\n<p style=\"text-align: justify; \"><b>C\u00e2mara Municipal de Cear\u00e1-Mirim</b></p>\r\n<p style=\"text-align: justify; \"><b>Assessoria de Comunica\u00e7\u00e3o Social</b></p>\r\n<p style=\"text-align: justify; \"><b>(84) 99139-7320 / 3274-3332 / 3274-4015 / 3274-4154</b></p>\r\n<p style=\"text-align: justify; \"><b><a class=\"m_-1115807395067774061OWAAutoLink\" href=\"mailto:Jorgemoreira2008@hotmail.com\" target=\"_blank\">Jorgemoreira2008@hotmail.com</a></b><b></b></p>\r\n<p style=\"text-align: justify; \"><b><a data-saferedirecturl=\"https://www.google.com/url?q=http://www.cearamirim.rn.leg.br/&amp;source=gmail&amp;ust=1539771949994000&amp;usg=AFQjCNGPdKXe4oErkMByOR4pn-9Yx-2Z7w\" href=\"https://www.cearamirim.rn.leg.br/\" class=\"m_-1115807395067774061OWAAutoLink\" target=\"_blank\">www.cearamirim.rn.leg.br</a></b></p>", "author_name": "cmm", "version": "1.0", "author_url": "https://www.cearamirim.rn.leg.br/author/cmm", "provider_name": "C\u00e2mara Municipal", "type": "rich"}