{"provider_url": "https://www.cearamirim.rn.leg.br", "title": "ATUA\u00c7\u00c3O PARLAMENTAR", "html": "<p style=\"text-align: justify; \"><b>VEREADORA \u00c2NGELA AQUINO-PTC TEVE REQUERIMENTO APROVADO NESTA TER\u00c7A-FEIRA 14/02 SOLICITANDO SINALIZA\u00c7\u00c3O VERTICAL NAS INTERSE\u00c7\u00d5ES DO PARQUE DA CIDADE</b></p>\r\n<p style=\"text-align: justify; \">Na sess\u00e3o ordin\u00e1ria que aconteceu nesta ter\u00e7a-feira 14/02, na C\u00e2mara Municipal de Cear\u00e1-Mirim, os demais vereadores da Casa aprovaram requerimento n\u00ba 67/2017, de autoria da vereadora \u00c2ngela Aquino-PTC.</p>\r\n<p style=\"text-align: justify; \">O requerimento solicita do Executivo Municipal, a implanta\u00e7\u00e3o de sinaliza\u00e7\u00e3o de tr\u00e2nsito vertical nas tr\u00eas interse\u00e7\u00f5es da Pista de Cooper do Parque da Cidade, com as ruas Santon\u00f3polis, Maria Quit\u00e9ria e Cardeal da Silva no Conjunto Habitacional Luiz Lopes Varela.</p>\r\n<p style=\"text-align: justify; \">No documento, a vereadora pede que seja encaminhado of\u00edcio ao Prefeito do Munic\u00edpio, Marconi Barreto, bem como \u00e0s secretarias municipais de Servi\u00e7os Urbanos e de Defesa Social e Cidadania.</p>\r\n<p style=\"text-align: justify; \">Nas referidas interse\u00e7\u00f5es, percebe-se notadamente que n\u00e3o existem faixas de pedestres, placas identificadoras de lombadas, placas de acesso de m\u00e3o e contram\u00e3o, assim como, as demais sinaliza\u00e7\u00f5es necess\u00e1rias.</p>\r\n<p style=\"text-align: justify; \">A vereadora explica que o objetivo \u00e9 dotar o local, que tem um grande fluxo de pessoas, principalmente para a utiliza\u00e7\u00e3o de pr\u00e1ticas esportivas, com um tr\u00e2nsito devidamente sinalizado, onde n\u00e3o se justifica um centro urbano de grande mobilidade n\u00e3o dispor de placas sinalizadoras de orienta\u00e7\u00e3o ao tr\u00e2nsito.</p>\r\n<p style=\"text-align: justify; \"><b>\u201cEsperamos que essa provid\u00eancia seja adotada com brevidade, por ser uma real necessidade para a coletividade\u201d</b>, argumenta a vereadora \u00c2ngela Aquino.</p>\r\n<p style=\"text-align: justify; \">A parlamentar salienta ainda que essa car\u00eancia de sinaliza\u00e7\u00e3o no local supra-citado tem preocupado a popula\u00e7\u00e3o que diariamente usa a Pista de Cooper e a Academia da Terceira Idade para a pr\u00e1tica de atividades esportivas no Parque da Cidade.</p>\r\n<p style=\"text-align: justify; \">A vereadora ressalta finalmente, que o Conjunto Luiz Lopes Varela \u00e9 uma importante \u00e1rea da zona urbana do munic\u00edpio, e que portanto, \u00e9 imprescind\u00edvel que a administra\u00e7\u00e3o municipal adote as provid\u00eancias cab\u00edveis visando sanar o problema em quest\u00e3o, bem como promover o bem-estar e seguran\u00e7a da popula\u00e7\u00e3o.</p>\r\n<p style=\"text-align: justify; \">\u00a0</p>\r\n<p style=\"text-align: justify; \"><b>C\u00e2mara Municipal de Cear\u00e1-Mirim</b></p>\r\n<p style=\"text-align: justify; \"><b>Assessoria de Comunica\u00e7\u00e3o Social</b></p>\r\n<p style=\"text-align: justify; \"><b>Jorge Moreira \u2013 (84) 99139-7320</b></p>\r\n<p style=\"text-align: justify; \"><a href=\"mailto:jorgemoreira2008@hotmail.com\" target=\"_blank\"><b>jorgemoreira2008@hotmail.com</b></a><b></b></p>\r\n<p style=\"text-align: justify; \"><b><a href=\"http://www.jorgemoreiraanoticia.blogspot.com.br\" target=\"_blank\" data-saferedirecturl=\"https://www.google.com/url?hl=pt-BR&amp;q=http://www.jorgemoreiraanoticia.blogspot.com.br&amp;source=gmail&amp;ust=1487271608458000&amp;usg=AFQjCNFcUMNy92pIggqT0kaDUjtmqxab-w\">www.jorgemoreiraanoticia.blogspot.com.br</a></b></p>", "author_name": "cmm", "version": "1.0", "author_url": "https://www.cearamirim.rn.leg.br/author/cmm", "provider_name": "C\u00e2mara Municipal", "type": "rich"}