{"provider_url": "https://www.cearamirim.rn.leg.br", "title": "ATUA\u00c7\u00c3O PARLAMENTAR", "html": "<p style=\"text-align: justify; \">Com menos de dois meses de atua\u00e7\u00e3o parlamentar, a vereadora \u00c2ngela Aquino-PTC, vem se destacando dentro do Poder Legislativo Municipal.</p>\r\n<p style=\"text-align: justify; \">Sempre em defesa do povo cearamirinense, ela tem se mostrado bem atuante principalmente em rela\u00e7\u00e3o \u00e0s causas sociais do munic\u00edpio.</p>\r\n<p style=\"text-align: justify; \">A vereadora \u00e9 autora de v\u00e1rios requerimentos e indica\u00e7\u00f5es que visam atender os anseios da popula\u00e7\u00e3o.</p>\r\n<p style=\"text-align: justify; \">Mesmo sabendo que corre o risco de n\u00e3o ser atendida na totalidade de suas solicita\u00e7\u00f5es ao Poder Executivo, ela continuar\u00e1 a desempenhar com responsabilidade o seu papel de parlamentar.</p>\r\n<p style=\"text-align: justify; \">Recentemente, \u00c2ngela Aquino requereu ao munic\u00edpio, a implanta\u00e7\u00e3o de sinaliza\u00e7\u00e3o de tr\u00e2nsito, vertical, nas tr\u00eas interse\u00e7\u00f5es da Pista de Cooper no Parque da Cidade, no Conjunto Luiz Lopes Varela.</p>\r\n<p style=\"text-align: justify; \">Nas referidas interse\u00e7\u00f5es, no entroncamento das ruas Santon\u00f3polis, Maria Quit\u00e9ria e Cardeal da Silva, n\u00e3o existem faixas de pedestres, placas identificadoras de lombadas, placas de acesso de m\u00e3o e contram\u00e3o, bem como, as demais sinaliza\u00e7\u00f5es necess\u00e1rias.</p>\r\n<p style=\"text-align: justify; \">A vereadora explica que o objetivo \u00e9 dotar o local de um tr\u00e2nsito devidamente sinalizado, haja vista o grande fluxo de pessoas, principalmente das que utilizam o local para a pr\u00e1tica de atividades esportivas, quando n\u00e3o se justifica um centro urbano de grande mobilidade n\u00e3o dispor de placas sinalizadoras de orienta\u00e7\u00e3o ao tr\u00e2nsito.</p>\r\n<p style=\"text-align: justify; \"><b>\u201cEsperamos que essa provid\u00eancia seja adotada com brevidade, por ser uma real necessidade para a coletividade\u201d</b>, argumenta a vereadora \u00c2ngela Aquino.</p>\r\n<p style=\"text-align: justify; \">Por fim, \u00c2ngela ressalta tamb\u00e9m, que o conjunto Luiz Lopes Varela \u00e9 uma importante \u00e1rea da zona urbana do munic\u00edpio, e que portanto, a administra\u00e7\u00e3o municipal adote as provid\u00eancias cab\u00edveis visando sanar o problema em quest\u00e3o, bem como, promover o bem-estar e a seguran\u00e7a da popula\u00e7\u00e3o.</p>\r\n<p style=\"text-align: justify; \">\u00a0</p>\r\n<p style=\"text-align: justify; \"><b>C\u00e2mara Municipal de Cear\u00e1-Mirim</b></p>\r\n<p style=\"text-align: justify; \"><b>Assessoria de Comunica\u00e7\u00e3o Social</b></p>\r\n<p style=\"text-align: justify; \"><b>Jorge Moreira \u2013 (84) 99139-7320</b></p>\r\n<p style=\"text-align: justify; \"><b><a href=\"mailto:jorgemoreira@2008@hotmail.com\" target=\"_blank\">jorgemoreira@2008@hotmail.com</a></b></p>", "author_name": "cmm", "version": "1.0", "author_url": "https://www.cearamirim.rn.leg.br/author/cmm", "provider_name": "C\u00e2mara Municipal", "type": "rich"}