{"provider_url": "https://www.cearamirim.rn.leg.br", "title": "ATIVIDADE PARLAMENTAR", "html": "<div dir=\"ltr\">\r\n<p style=\"text-align: justify; \"><span>Na sess\u00e3o da \u00faltima quinta-feira 29/11, o vereador J\u00e1cio Praxedes-DEM, apresentou Indica\u00e7\u00e3o ao Poder Executivo Municipal, na qual solicita ao prefeito Marconi Barreto, uma Unidade M\u00f3vel de Sa\u00fade-UMS para atender a popula\u00e7\u00e3o da regi\u00e3o de Nova Cear\u00e1-Mirim.</span></p>\r\n<p style=\"text-align: justify; \"><span>O parlamentar justifica que o atendimento m\u00e9dico \u00e9 prioridade em todas as cidades brasileiras. A promo\u00e7\u00e3o a sa\u00fade envolve a preven\u00e7\u00e3o, o acesso e o tratamento de enfermidades que assolam a popula\u00e7\u00e3o, da\u00ed a necessidade de disponibiliza\u00e7\u00e3o da infraestrutura necess\u00e1ria ao desempenho eficaz e eficiente das equipes de aten\u00e7\u00e3o b\u00e1sica do munic\u00edpio.</span></p>\r\n<p style=\"text-align: justify; \"><span>De acordo com J\u00e1cio Praxedes, a popula\u00e7\u00e3o de Nova Cear\u00e1-Mirim, que envolve o complexo Minha Casa, Minha Vida, Loteamento S\u00e3o Jos\u00e9 e o conjunto Formigueiro, \u00e9 a que mais sofre com a falta de estrutura da sa\u00fade, j\u00e1 que n\u00e3o conta com o Programa Estrat\u00e9gia Sa\u00fade da Fam\u00edlia, direcionado exclusivamente para o seu meio.</span></p>\r\n<p style=\"text-align: justify; \"><span>Assim, de acordo com o edil, a solu\u00e7\u00e3o mais plaus\u00edvel para o momento e economicamente vi\u00e1vel, seria a disponibiliza\u00e7\u00e3o de uma Unidade M\u00f3vel de atendimento m\u00e9dico-ambulatorial, dotada de equipamentos necess\u00e1rios a realiza\u00e7\u00e3o de consultas m\u00e9dicas e pequenos procedimentos m\u00e9dicos, para aquela popula\u00e7\u00e3o.</span></p>\r\n<p style=\"text-align: justify; \"><b><span>\u201cCom essa Unidade M\u00f3vel, o munic\u00edpio teria como atender toda a regi\u00e3o de Nova Cear\u00e1-Mirim, levando ainda, mais qualidade no atendimento para a popula\u00e7\u00e3o daquela comunidade\u201d</span></b><span>, justifica o vereador J\u00e1cio.</span></p>\r\n<p style=\"text-align: justify; \">\u00a0</p>\r\n<p style=\"text-align: justify; \"><b><span>Jorge Moreira</span></b></p>\r\n<p style=\"text-align: justify; \"><b><span>C\u00e2mara Municipal de Cear\u00e1-Mirim</span></b></p>\r\n<p style=\"text-align: justify; \"><b><span>Assessoria de Comunica\u00e7\u00e3o Social</span></b></p>\r\n<p style=\"text-align: justify; \"><b><span>(84) 99139-7320 / 3274-3332 / 3274-4015 / 3274-4154</span></b></p>\r\n<p style=\"text-align: justify; \"><span><b><span><a href=\"mailto:Jorgemoreira2008@hotmail.com\" target=\"_blank\">Jorgemoreira2008@hotmail.com</a></span></b></span><b><span></span></b></p>\r\n<p style=\"text-align: justify; \"><span><b><span><a data-saferedirecturl=\"https://www.google.com/url?q=http://www.cearamirim.rn.leg.br&amp;source=gmail&amp;ust=1544051004410000&amp;usg=AFQjCNEpAvziRZozLPjfnVdxgYZp_C6S-w\" href=\"https://www.cearamirim.rn.leg.br/\" target=\"_blank\">www.cearamirim.rn.leg.br</a></span></b></span><b><span></span></b></p>\r\n<p style=\"text-align: justify; \"><b><i><span>Deus n\u00e3o se atrasa, a gente \u00e9 que n\u00e3o sabe esperar!</span></i></b></p>\r\n<div><b><i><span><br /></span></i></b></div>\r\n</div>", "author_name": "cmm", "version": "1.0", "author_url": "https://www.cearamirim.rn.leg.br/author/cmm", "provider_name": "C\u00e2mara Municipal", "type": "rich"}